{"id":1258,"date":"2017-11-24T11:59:09","date_gmt":"2017-11-24T11:59:09","guid":{"rendered":"http:\/\/www.bambicosenza.it\/?p=1258"},"modified":"2019-02-12T09:37:33","modified_gmt":"2019-02-12T09:37:33","slug":"e-un-periodo-intenso-quello-che-stiamo-vivendo","status":"publish","type":"post","link":"http:\/\/www.bambicosenza.it\/?p=1258","title":{"rendered":"\u00c8 un periodo intenso quello che stiamo vivendo."},"content":{"rendered":"<p><span style=\"color: #000000;\"><strong>Per le 6 ragazze che hanno partecipato all&#8217;ultimo corso di formazione \u00e8 iniziato il periodo di tutoraggio, emozioni e impegno hanno reso tutto positivo e pieno di energia.<\/strong><\/span><br \/>\n<span style=\"color: #000000;\"><strong>Luned\u00ec 4 dicembre si accenderanno le luci del nostro albero di Natale per la gioia di grandi e piccini.<\/strong><\/span><br \/>\n<span style=\"color: #000000;\"><strong>Marted\u00ec 5 dicembre, nella nuova Cittadella del Volontariato, parteciperemo ad un incontro organizzato dal CSV tra le scuole e le associazioni del territo<span class=\"text_exposed_show\">rio.<br \/>\nMarted\u00ec 19 dicembre consegneremo, come ogni anno, i regali ai bambini ricoverati. Quest&#8217;anno avremo al nostro fianco i ragazzi di\u00a0<a class=\"profileLink\" style=\"color: #000000;\" href=\"https:\/\/www.facebook.com\/OfficineBuone\/?fref=mentions\" data-hovercard=\"\/ajax\/hovercard\/page.php?id=413666745426448&amp;extragetparams=%7B%22fref%22%3A%22mentions%22%7D\" data-hovercard-prefer-more-content-show=\"1\">Officine Buone<\/a>\u00a0che ci accompagneranno con canti natalizi.<br \/>\nContinuate a seguirci e vi aggiorneremo!<\/span><\/strong><\/span><\/p>\n<p>&nbsp;<\/p>\n","protected":false},"excerpt":{"rendered":"<p>Per le 6 ragazze che hanno partecipato all&#8217;ultimo corso di formazione \u00e8 iniziato il periodo di tutoraggio, emozioni e impegno hanno reso tutto positivo e pieno di energia. Luned\u00ec 4 dicembre si accenderanno le luci del nostro albero di Natale per la gioia di grandi e piccini. Marted\u00ec 5 dicembre, nella nuova Cittadella del Volontariato, [&hellip;]<\/p>\n","protected":false},"author":1,"featured_media":0,"comment_status":"closed","ping_status":"open","sticky":false,"template":"","format":"standard","meta":{"_et_pb_use_builder":"","_et_pb_old_content":""},"categories":[7],"tags":[3,4,232,231,77,230],"_links":{"self":[{"href":"http:\/\/www.bambicosenza.it\/index.php?rest_route=\/wp\/v2\/posts\/1258"}],"collection":[{"href":"http:\/\/www.bambicosenza.it\/index.php?rest_route=\/wp\/v2\/posts"}],"about":[{"href":"http:\/\/www.bambicosenza.it\/index.php?rest_route=\/wp\/v2\/types\/post"}],"author":[{"embeddable":true,"href":"http:\/\/www.bambicosenza.it\/index.php?rest_route=\/wp\/v2\/users\/1"}],"replies":[{"embeddable":true,"href":"http:\/\/www.bambicosenza.it\/index.php?rest_route=%2Fwp%2Fv2%2Fcomments&post=1258"}],"version-history":[{"count":1,"href":"http:\/\/www.bambicosenza.it\/index.php?rest_route=\/wp\/v2\/posts\/1258\/revisions"}],"predecessor-version":[{"id":1259,"href":"http:\/\/www.bambicosenza.it\/index.php?rest_route=\/wp\/v2\/posts\/1258\/revisions\/1259"}],"wp:attachment":[{"href":"http:\/\/www.bambicosenza.it\/index.php?rest_route=%2Fwp%2Fv2%2Fmedia&parent=1258"}],"wp:term":[{"taxonomy":"category","embeddable":true,"href":"http:\/\/www.bambicosenza.it\/index.php?rest_route=%2Fwp%2Fv2%2Fcategories&post=1258"},{"taxonomy":"post_tag","embeddable":true,"href":"http:\/\/www.bambicosenza.it\/index.php?rest_route=%2Fwp%2Fv2%2Ftags&post=1258"}],"curies":[{"name":"wp","href":"https:\/\/api.w.org\/{rel}","templated":true}]}}