{"id":60,"date":"2007-02-26T16:56:38","date_gmt":"2007-02-26T16:56:38","guid":{"rendered":"http:\/\/www.bambicosenza.it\/?p=60"},"modified":"2010-04-24T18:35:41","modified_gmt":"2010-04-24T18:35:41","slug":"la-cucina-di-bambi-un-dono-in-ricordo-di-franco","status":"publish","type":"post","link":"http:\/\/www.bambicosenza.it\/?p=60","title":{"rendered":"La cucina di BAMBI, un dono in ricordo di Franco"},"content":{"rendered":"<p>.<\/p>\n<p><strong>Un gesto di  \t\t\t\t\t concreta e tangibile  solidariet\u00e0 ieri pomeriggio nelle  \t\t\t\t\tcorsie  della chirurgia  pediatrica dell\u2019ospedale civile  \t\t\t\t\tdell\u2019Annunziata. <\/strong><\/p>\n<p><strong>Alla scomparsa  del  giovane cosentino Franco  \t\t\t\t\tLoise, avvenuta di recente a Roma a   seguito di un incidente  \t\t\t\t\tstradale, i genitori e gli amici hanno   deciso di devolvere la  \t\t\t\t\tsomma destinata ai fiori all\u2019Associazione   Amici dei BAMBIni  \t\t\t\t\tdella Chirurgia Pediatrica <\/strong><\/p>\n<p style=\"text-align: center;\"><a href=\"http:\/\/127.0.0.1\/wordpress\/wp-content\/uploads\/2010\/04\/cucina.jpg\"><\/a><a href=\"http:\/\/www.bambicosenza.it\/wp-content\/uploads\/2007\/02\/cucina.jpg\"><img loading=\"lazy\" class=\"aligncenter size-full wp-image-94\" title=\"cucina\" src=\"http:\/\/www.bambicosenza.it\/wp-content\/uploads\/2007\/02\/cucina.jpg\" alt=\"\" width=\"300\" height=\"452\" srcset=\"http:\/\/www.bambicosenza.it\/wp-content\/uploads\/2007\/02\/cucina.jpg 300w, http:\/\/www.bambicosenza.it\/wp-content\/uploads\/2007\/02\/cucina-199x300.jpg 199w\" sizes=\"(max-width: 300px) 100vw, 300px\" \/><\/a><\/p>\n<p><strong> <\/strong><\/p>\n<p><strong>Il ricavato \u00e8 stato utilizzato  \t\t\t\t\tper  l\u2019acquisto di una cucina con parete attrezzata che ha  \t\t\t\t\tsostituito  quella esistente che, sia per funzionalit\u00e0 che  \t\t\t\t\tper aspetto, non  era pi\u00f9 idonea a soddisfare le esigenze  \t\t\t\t\tdelle mamme dei bambini  ricoverati.<\/strong><\/p>\n<p><strong> Sulla cucina, su cui \u00e8 stata  \t\t\t\t\tapposta una targhetta in memoria di  Franco Loise, ed \u00e8 stata  \t\t\t\t\tconsegnata in reparto dagli amici di  Franco, con una  \t\t\t\t\tsemplice e toccante cerimonia, alla presenza del  personale  \t\t\t\t\tmedico e del direttivo dell\u2019associazione. <\/strong><\/p>\n<p><strong><br \/>\n<\/strong><\/p>\n<p style=\"text-align: center;\"><strong><a href=\"http:\/\/127.0.0.1\/wordpress\/wp-content\/uploads\/2010\/04\/cucina2.jpg\"><\/a><a href=\"http:\/\/www.bambicosenza.it\/wp-content\/uploads\/2007\/02\/cucina2.jpg\"><img loading=\"lazy\" class=\"aligncenter size-full wp-image-95\" title=\"cucina2\" src=\"http:\/\/www.bambicosenza.it\/wp-content\/uploads\/2007\/02\/cucina2.jpg\" alt=\"\" width=\"300\" height=\"199\" \/><\/a><br \/>\n<\/strong><\/p>\n<p><strong>Il piccolo  locale \u00e8 ora colorato ed accogliente. <\/strong><\/p>\n<p><strong> Fornito di frigorifero con  freezer, fornelli, lavandino, macchina per il cafff\u00e8 e forno a  microonde, \u00e8 un valido aiuto per tutti i genitori che assistono i loro  bimbi ricoverati. Infatti \u00e8 possibile preparare o scaldare i cibi e le  bevande che i piccoli preferiscono e farli cos\u00ec sentire un p\u00f2 meno  lontani dalle proprie abitudini.<\/strong><\/p>\n<p><strong>\u201cE\u2019 una grande  \t\t\t\t\t gioia assistere a  questo dono \u2013 ha voluto sottolineare la presidente  Maria  \t\t\t\t\tTeresa  Natalizia \u2013 \u00e8 una grande  \t\t\t\t\temozione vedere che i  nostri giovani  sanno tramutare un  \t\t\t\t\tevento cos\u00ec tragico in un  momento di  solidariet\u00e0 nei  \t\t\t\t\tconfronti di chi soffre. Oggi pi\u00f9 che  mai sappiamo  quanto ce  \t\t\t\t\tne sia bisogno e siamo orgogliosi di  essere beneficiari  di  \t\t\t\t\tun\u2019attenzione tanto carica di significato\u201d.<\/strong><\/p>\n<p><strong>Insieme  alla presenza dei frigoriferi nelle stanze, donati dall&#8217;Associazione  Amici dei BAMBIni della Chirurgia Pediatrica a luglio del 2005, la  cucina rappresenta un aiuto concreto per genitori e bambini nella  gestione del periodo di ricovero<\/strong><\/p>\n<p style=\"text-align: center;\"><strong><a href=\"http:\/\/127.0.0.1\/wordpress\/wp-content\/uploads\/2010\/04\/frigo2.jpg\"><\/a><a href=\"http:\/\/www.bambicosenza.it\/wp-content\/uploads\/2007\/02\/frigo2.jpg\"><img loading=\"lazy\" class=\"aligncenter size-full wp-image-97\" title=\"frigo2\" src=\"http:\/\/www.bambicosenza.it\/wp-content\/uploads\/2007\/02\/frigo2.jpg\" alt=\"\" width=\"300\" height=\"452\" srcset=\"http:\/\/www.bambicosenza.it\/wp-content\/uploads\/2007\/02\/frigo2.jpg 300w, http:\/\/www.bambicosenza.it\/wp-content\/uploads\/2007\/02\/frigo2-199x300.jpg 199w\" sizes=\"(max-width: 300px) 100vw, 300px\" \/><\/a><\/strong><\/p>\n","protected":false},"excerpt":{"rendered":"<p>. Un gesto di concreta e tangibile solidariet\u00e0 ieri pomeriggio nelle corsie della chirurgia pediatrica dell\u2019ospedale civile dell\u2019Annunziata. Alla scomparsa del giovane cosentino Franco Loise, avvenuta di recente a Roma a seguito di un incidente stradale, i genitori e gli amici hanno deciso di devolvere la somma destinata ai fiori all\u2019Associazione Amici dei BAMBIni della [&hellip;]<\/p>\n","protected":false},"author":1,"featured_media":0,"comment_status":"open","ping_status":"open","sticky":false,"template":"","format":"standard","meta":{"_et_pb_use_builder":"","_et_pb_old_content":""},"categories":[6],"tags":[3,4,33,34,35],"_links":{"self":[{"href":"http:\/\/www.bambicosenza.it\/index.php?rest_route=\/wp\/v2\/posts\/60"}],"collection":[{"href":"http:\/\/www.bambicosenza.it\/index.php?rest_route=\/wp\/v2\/posts"}],"about":[{"href":"http:\/\/www.bambicosenza.it\/index.php?rest_route=\/wp\/v2\/types\/post"}],"author":[{"embeddable":true,"href":"http:\/\/www.bambicosenza.it\/index.php?rest_route=\/wp\/v2\/users\/1"}],"replies":[{"embeddable":true,"href":"http:\/\/www.bambicosenza.it\/index.php?rest_route=%2Fwp%2Fv2%2Fcomments&post=60"}],"version-history":[{"count":3,"href":"http:\/\/www.bambicosenza.it\/index.php?rest_route=\/wp\/v2\/posts\/60\/revisions"}],"predecessor-version":[{"id":99,"href":"http:\/\/www.bambicosenza.it\/index.php?rest_route=\/wp\/v2\/posts\/60\/revisions\/99"}],"wp:attachment":[{"href":"http:\/\/www.bambicosenza.it\/index.php?rest_route=%2Fwp%2Fv2%2Fmedia&parent=60"}],"wp:term":[{"taxonomy":"category","embeddable":true,"href":"http:\/\/www.bambicosenza.it\/index.php?rest_route=%2Fwp%2Fv2%2Fcategories&post=60"},{"taxonomy":"post_tag","embeddable":true,"href":"http:\/\/www.bambicosenza.it\/index.php?rest_route=%2Fwp%2Fv2%2Ftags&post=60"}],"curies":[{"name":"wp","href":"https:\/\/api.w.org\/{rel}","templated":true}]}}