{"id":918,"date":"2015-06-22T10:10:42","date_gmt":"2015-06-22T10:10:42","guid":{"rendered":"http:\/\/www.bambicosenza.it\/?p=918"},"modified":"2015-06-22T10:10:42","modified_gmt":"2015-06-22T10:10:42","slug":"il-nuovo-microonde","status":"publish","type":"post","link":"http:\/\/www.bambicosenza.it\/?p=918","title":{"rendered":"il nuovo microonde"},"content":{"rendered":"<p><img loading=\"lazy\" class=\"\" src=\"https:\/\/scontent-fra3-1.xx.fbcdn.net\/hphotos-xfp1\/v\/t1.0-9\/1939724_833677076680261_4547899956849506225_n.jpg?oh=24a459c2a80e8d78519d14b2129668a6&amp;oe=55F1CA96\" alt=\"\" width=\"618\" height=\"371\" \/><\/p>\n<p><span style=\"color: #000000;\"><b>Questo \u00e8 il nuovo forno a microonde acquistato per sostituire quello gi\u00e0 esistente ma irrimediabilmente rotto. Ovviamente sar\u00e0 a disposizione dei genitori che assistono i loro bambini ricoverati.<\/b><\/span><\/p>\n<p><span style=\"color: #000000;\"><strong>Abbiamo donato anche una caraffa termica che sar\u00e0 utile a tenere in caldo o freddo, a seconda delle stagioni, bevande a disposizione dei bambini e loro genitori..<\/strong><\/span><\/p>\n<p><img loading=\"lazy\" class=\"\" src=\"https:\/\/scontent-fra3-1.xx.fbcdn.net\/hphotos-xap1\/v\/t1.0-9\/11541054_833677106680258_7468075637782770677_n.jpg?oh=58c73bf71c1d3747b215442ecb576d76&amp;oe=5620B45B\" alt=\"\" width=\"297\" height=\"495\" \/><\/p>\n","protected":false},"excerpt":{"rendered":"<p>Questo \u00e8 il nuovo forno a microonde acquistato per sostituire quello gi\u00e0 esistente ma irrimediabilmente rotto. Ovviamente sar\u00e0 a disposizione dei genitori che assistono i loro bambini ricoverati. Abbiamo donato anche una caraffa termica che sar\u00e0 utile a tenere in caldo o freddo, a seconda delle stagioni, bevande a disposizione dei bambini e loro genitori..<\/p>\n","protected":false},"author":1,"featured_media":0,"comment_status":"open","ping_status":"open","sticky":false,"template":"","format":"standard","meta":{"_et_pb_use_builder":"","_et_pb_old_content":""},"categories":[6],"tags":[3,4,172,171],"_links":{"self":[{"href":"http:\/\/www.bambicosenza.it\/index.php?rest_route=\/wp\/v2\/posts\/918"}],"collection":[{"href":"http:\/\/www.bambicosenza.it\/index.php?rest_route=\/wp\/v2\/posts"}],"about":[{"href":"http:\/\/www.bambicosenza.it\/index.php?rest_route=\/wp\/v2\/types\/post"}],"author":[{"embeddable":true,"href":"http:\/\/www.bambicosenza.it\/index.php?rest_route=\/wp\/v2\/users\/1"}],"replies":[{"embeddable":true,"href":"http:\/\/www.bambicosenza.it\/index.php?rest_route=%2Fwp%2Fv2%2Fcomments&post=918"}],"version-history":[{"count":4,"href":"http:\/\/www.bambicosenza.it\/index.php?rest_route=\/wp\/v2\/posts\/918\/revisions"}],"predecessor-version":[{"id":922,"href":"http:\/\/www.bambicosenza.it\/index.php?rest_route=\/wp\/v2\/posts\/918\/revisions\/922"}],"wp:attachment":[{"href":"http:\/\/www.bambicosenza.it\/index.php?rest_route=%2Fwp%2Fv2%2Fmedia&parent=918"}],"wp:term":[{"taxonomy":"category","embeddable":true,"href":"http:\/\/www.bambicosenza.it\/index.php?rest_route=%2Fwp%2Fv2%2Fcategories&post=918"},{"taxonomy":"post_tag","embeddable":true,"href":"http:\/\/www.bambicosenza.it\/index.php?rest_route=%2Fwp%2Fv2%2Ftags&post=918"}],"curies":[{"name":"wp","href":"https:\/\/api.w.org\/{rel}","templated":true}]}}